{"id":570,"date":"2025-05-31T17:27:20","date_gmt":"2025-05-31T15:27:20","guid":{"rendered":"https:\/\/traildugerbier-prelenfrey.fr\/?p=570"},"modified":"2025-05-31T17:28:52","modified_gmt":"2025-05-31T15:28:52","slug":"remerciements","status":"publish","type":"post","link":"https:\/\/traildugerbier-prelenfrey.fr\/index.php\/2025\/05\/31\/remerciements\/","title":{"rendered":"Remerciements \ud83d\ude4f"},"content":{"rendered":"\n<p>Le trail du Gerbier est une manifestation que nous sommes fiers et heureux d&rsquo;organiser et c&rsquo;est avec plaisir que nous vous accueillons dans notre village. Nous tenons \u00e0 remercier particuli\u00e8rement<\/p>\n\n\n\n<p>&#8211; la mairie du Gua pour le pr\u00eat de mat\u00e9riel et l&rsquo;aide \u00e0 l&rsquo;organisation<\/p>\n\n\n\n<p>&#8211; la mairie de Ch\u00e2teau Bernard pour son assistance \u00e0 la mise en place des parcours<\/p>\n\n\n\n<p>&#8211; la soci\u00e9t\u00e9&nbsp;<a href=\"http:\/\/ntaradio.com\/\">ntaradio.com<\/a>&nbsp;pour les conditions avantageuses de location de mat\u00e9riel de transmission<\/p>\n\n\n\n<p>&#8211; le CDR38 (courir en Is\u00e8re) pour le support administratif, logistique et le pr\u00eat de mat\u00e9riel<\/p>\n\n\n\n<p>Et tous les habitants de Pr\u00e9lenfrey et alentours sans qui le trail n&rsquo;aurait pas lieu !<\/p>\n","protected":false},"excerpt":{"rendered":"<p>Le trail du Gerbier est une manifestation que nous sommes fiers et heureux d&rsquo;organiser et c&rsquo;est avec plaisir que nous vous accueillons dans notre village. Nous tenons \u00e0 remercier particuli\u00e8rement &#8211; la mairie du Gua pour le pr\u00eat de mat\u00e9riel et l&rsquo;aide \u00e0 l&rsquo;organisation &#8211; la mairie de Ch\u00e2teau Bernard pour son assistance \u00e0 la&#8230;<\/p>\n","protected":false},"author":1,"featured_media":0,"comment_status":"open","ping_status":"open","sticky":false,"template":"","format":"standard","meta":{"footnotes":""},"categories":[1],"tags":[],"class_list":["post-570","post","type-post","status-publish","format-standard","hentry","category-non-classe"],"_links":{"self":[{"href":"https:\/\/traildugerbier-prelenfrey.fr\/index.php\/wp-json\/wp\/v2\/posts\/570","targetHints":{"allow":["GET"]}}],"collection":[{"href":"https:\/\/traildugerbier-prelenfrey.fr\/index.php\/wp-json\/wp\/v2\/posts"}],"about":[{"href":"https:\/\/traildugerbier-prelenfrey.fr\/index.php\/wp-json\/wp\/v2\/types\/post"}],"author":[{"embeddable":true,"href":"https:\/\/traildugerbier-prelenfrey.fr\/index.php\/wp-json\/wp\/v2\/users\/1"}],"replies":[{"embeddable":true,"href":"https:\/\/traildugerbier-prelenfrey.fr\/index.php\/wp-json\/wp\/v2\/comments?post=570"}],"version-history":[{"count":2,"href":"https:\/\/traildugerbier-prelenfrey.fr\/index.php\/wp-json\/wp\/v2\/posts\/570\/revisions"}],"predecessor-version":[{"id":575,"href":"https:\/\/traildugerbier-prelenfrey.fr\/index.php\/wp-json\/wp\/v2\/posts\/570\/revisions\/575"}],"wp:attachment":[{"href":"https:\/\/traildugerbier-prelenfrey.fr\/index.php\/wp-json\/wp\/v2\/media?parent=570"}],"wp:term":[{"taxonomy":"category","embeddable":true,"href":"https:\/\/traildugerbier-prelenfrey.fr\/index.php\/wp-json\/wp\/v2\/categories?post=570"},{"taxonomy":"post_tag","embeddable":true,"href":"https:\/\/traildugerbier-prelenfrey.fr\/index.php\/wp-json\/wp\/v2\/tags?post=570"}],"curies":[{"name":"wp","href":"https:\/\/api.w.org\/{rel}","templated":true}]}}