{"id":486,"date":"2025-02-27T11:03:54","date_gmt":"2025-02-27T10:03:54","guid":{"rendered":"https:\/\/traildugerbier-prelenfrey.fr\/?p=486"},"modified":"2025-02-27T11:03:55","modified_gmt":"2025-02-27T10:03:55","slug":"pas-besoin-de-certificat-medical-pour-sinscrire-au-trail-du-gerbier","status":"publish","type":"post","link":"https:\/\/traildugerbier-prelenfrey.fr\/index.php\/2025\/02\/27\/pas-besoin-de-certificat-medical-pour-sinscrire-au-trail-du-gerbier\/","title":{"rendered":"PAS BESOIN DE CERTIFICAT MEDICAL POUR S\u2019INSCRIRE AU TRAIL DU GERBIER !"},"content":{"rendered":"\n<p>Comme tous les trails sous l\u2019\u00e9gide de la F\u00e9d\u00e9ration d\u2019Athl\u00e9tisme, vous pouvez vous auto-certifier sur le site<a href=\" https:\/\/pps.athle.fr\"> https:\/\/pps.athle.fr<\/a><\/p>\n\n\n\n<p>.\u00c7a vous prend cinq minutes et vous t\u00e9l\u00e9chargez l\u2019attestation obtenue \u00e0 la place du certificat m\u00e9dical.<\/p>\n","protected":false},"excerpt":{"rendered":"<p>Comme tous les trails sous l\u2019\u00e9gide de la F\u00e9d\u00e9ration d\u2019Athl\u00e9tisme, vous pouvez vous auto-certifier sur le site https:\/\/pps.athle.fr .\u00c7a vous prend cinq minutes et vous t\u00e9l\u00e9chargez l\u2019attestation obtenue \u00e0 la place du certificat m\u00e9dical.<\/p>\n","protected":false},"author":1,"featured_media":0,"comment_status":"open","ping_status":"open","sticky":false,"template":"","format":"standard","meta":{"footnotes":""},"categories":[1],"tags":[],"class_list":["post-486","post","type-post","status-publish","format-standard","hentry","category-non-classe"],"_links":{"self":[{"href":"https:\/\/traildugerbier-prelenfrey.fr\/index.php\/wp-json\/wp\/v2\/posts\/486","targetHints":{"allow":["GET"]}}],"collection":[{"href":"https:\/\/traildugerbier-prelenfrey.fr\/index.php\/wp-json\/wp\/v2\/posts"}],"about":[{"href":"https:\/\/traildugerbier-prelenfrey.fr\/index.php\/wp-json\/wp\/v2\/types\/post"}],"author":[{"embeddable":true,"href":"https:\/\/traildugerbier-prelenfrey.fr\/index.php\/wp-json\/wp\/v2\/users\/1"}],"replies":[{"embeddable":true,"href":"https:\/\/traildugerbier-prelenfrey.fr\/index.php\/wp-json\/wp\/v2\/comments?post=486"}],"version-history":[{"count":1,"href":"https:\/\/traildugerbier-prelenfrey.fr\/index.php\/wp-json\/wp\/v2\/posts\/486\/revisions"}],"predecessor-version":[{"id":487,"href":"https:\/\/traildugerbier-prelenfrey.fr\/index.php\/wp-json\/wp\/v2\/posts\/486\/revisions\/487"}],"wp:attachment":[{"href":"https:\/\/traildugerbier-prelenfrey.fr\/index.php\/wp-json\/wp\/v2\/media?parent=486"}],"wp:term":[{"taxonomy":"category","embeddable":true,"href":"https:\/\/traildugerbier-prelenfrey.fr\/index.php\/wp-json\/wp\/v2\/categories?post=486"},{"taxonomy":"post_tag","embeddable":true,"href":"https:\/\/traildugerbier-prelenfrey.fr\/index.php\/wp-json\/wp\/v2\/tags?post=486"}],"curies":[{"name":"wp","href":"https:\/\/api.w.org\/{rel}","templated":true}]}}