{"id":456,"date":"2024-12-12T09:48:08","date_gmt":"2024-12-12T08:48:08","guid":{"rendered":"https:\/\/traildugerbier-prelenfrey.fr\/?p=456"},"modified":"2026-03-12T17:04:49","modified_gmt":"2026-03-12T16:04:49","slug":"informations-trail-2025","status":"publish","type":"post","link":"https:\/\/traildugerbier-prelenfrey.fr\/index.php\/2024\/12\/12\/informations-trail-2025\/","title":{"rendered":"Informations trail 2026"},"content":{"rendered":"\n<p>Le d\u00e9part et l\u2019arriv\u00e9e des courses sont \u00e0 la maison du Parc de Pr\u00e9lenfrey, 245 chemin des Faures, 38450 Le Gua<\/p>\n\n\n\n<p>3 trails, les inscriptions seront ouvertes sur le site \u00e0 partir du 1er mars :<\/p>\n\n\n\n<ul class=\"wp-block-list\">\n<li>37 km, D+2000 m inscription solo 27 \u20ac ou relai \u00e0 deux 16 \u20ac par coureur d\u00e9part \u00e0 8h<\/li>\n\n\n\n<li>22 km, D+1200 m inscription 17 \u20ac d\u00e9part \u00e0 8h30<\/li>\n\n\n\n<li>12 km, D+500 m inscription 9 \u20ac d\u00e9part \u00e0 9h&nbsp;<\/li>\n<\/ul>\n\n\n\n<p>les trac\u00e9s sont identiques \u00e0 l&rsquo;\u00e9dition 2025 !<\/p>\n\n\n\n<p>\u00c0 bient\u00f4t pour plus d&rsquo;informations !<\/p>\n\n\n\n<p><\/p>\n\n\n\n<p>.<\/p>\n\n\n\n<p><\/p>\n","protected":false},"excerpt":{"rendered":"<p>Le d\u00e9part et l\u2019arriv\u00e9e des courses sont \u00e0 la maison du Parc de Pr\u00e9lenfrey, 245 chemin des Faures, 38450 Le Gua 3 trails, les inscriptions seront ouvertes sur le site \u00e0 partir du 1er mars : les trac\u00e9s sont identiques \u00e0 l&rsquo;\u00e9dition 2025 ! \u00c0 bient\u00f4t pour plus d&rsquo;informations ! .<\/p>\n","protected":false},"author":1,"featured_media":0,"comment_status":"open","ping_status":"open","sticky":false,"template":"","format":"standard","meta":{"footnotes":""},"categories":[1],"tags":[],"class_list":["post-456","post","type-post","status-publish","format-standard","hentry","category-non-classe"],"_links":{"self":[{"href":"https:\/\/traildugerbier-prelenfrey.fr\/index.php\/wp-json\/wp\/v2\/posts\/456","targetHints":{"allow":["GET"]}}],"collection":[{"href":"https:\/\/traildugerbier-prelenfrey.fr\/index.php\/wp-json\/wp\/v2\/posts"}],"about":[{"href":"https:\/\/traildugerbier-prelenfrey.fr\/index.php\/wp-json\/wp\/v2\/types\/post"}],"author":[{"embeddable":true,"href":"https:\/\/traildugerbier-prelenfrey.fr\/index.php\/wp-json\/wp\/v2\/users\/1"}],"replies":[{"embeddable":true,"href":"https:\/\/traildugerbier-prelenfrey.fr\/index.php\/wp-json\/wp\/v2\/comments?post=456"}],"version-history":[{"count":4,"href":"https:\/\/traildugerbier-prelenfrey.fr\/index.php\/wp-json\/wp\/v2\/posts\/456\/revisions"}],"predecessor-version":[{"id":650,"href":"https:\/\/traildugerbier-prelenfrey.fr\/index.php\/wp-json\/wp\/v2\/posts\/456\/revisions\/650"}],"wp:attachment":[{"href":"https:\/\/traildugerbier-prelenfrey.fr\/index.php\/wp-json\/wp\/v2\/media?parent=456"}],"wp:term":[{"taxonomy":"category","embeddable":true,"href":"https:\/\/traildugerbier-prelenfrey.fr\/index.php\/wp-json\/wp\/v2\/categories?post=456"},{"taxonomy":"post_tag","embeddable":true,"href":"https:\/\/traildugerbier-prelenfrey.fr\/index.php\/wp-json\/wp\/v2\/tags?post=456"}],"curies":[{"name":"wp","href":"https:\/\/api.w.org\/{rel}","templated":true}]}}